{"id":5479,"date":"2023-03-23T08:53:03","date_gmt":"2023-03-23T07:53:03","guid":{"rendered":"https:\/\/ripack.com\/?p=5479"},"modified":"2023-03-23T08:55:57","modified_gmt":"2023-03-23T07:55:57","slug":"teilnahme-an-der-interpack-messe","status":"publish","type":"post","link":"https:\/\/ripack.com\/de\/non-classe-de\/teilnahme-an-der-interpack-messe\/","title":{"rendered":"TEILNAHME AN DER INTERPACK MESSE"},"content":{"rendered":"<p>Nach mehreren Terminverschiebungen und 6 Jahren Wartezeit freuen wir uns, Ihnen mitteilen zu k\u00f6nnen, dass wir an der <strong>INTERPACK-Messe 2023<\/strong> teilnehmen werden. Sie findet <strong>vom 4. bis 10. Mai in D\u00fcsseldorf statt!<\/strong><\/p>\n<p><img loading=\"lazy\" decoding=\"async\" width=\"300\" height=\"300\" class=\"alignnone size-medium wp-image-5473\" src=\"https:\/\/ripack.com\/wp-content\/uploads\/2023\/03\/Participation-ripack-interpack-300x300.png\" alt=\"\" srcset=\"https:\/\/ripack.com\/wp-content\/uploads\/2023\/03\/Participation-ripack-interpack-300x300.png 300w, https:\/\/ripack.com\/wp-content\/uploads\/2023\/03\/Participation-ripack-interpack-150x150.png 150w, https:\/\/ripack.com\/wp-content\/uploads\/2023\/03\/Participation-ripack-interpack-768x768.png 768w, https:\/\/ripack.com\/wp-content\/uploads\/2023\/03\/Participation-ripack-interpack.png 886w\" sizes=\"auto, (max-width: 300px) 100vw, 300px\" \/><\/p>\n<p>Wir werden die Gelegenheit haben, unsere neuen Produkte zu pr\u00e4sentieren und dar\u00fcber auszutauschen. Ihr Feedback ist uns wichtig. Falls gew\u00fcnscht, k\u00f6nnen wir Sie auf unsere <strong>Schrumpfpistolen<\/strong> schulen.<\/p>\n<p><strong>Wir werden auch unser 100-j\u00e4hriges Bestehen feiern<\/strong>. Zu diesem Anlass haben wir viele Geschenke f\u00fcr Sie geplant! Sie k\u00f6nnen mit uns die Kerzen ausblasen und auf 100 Jahre Existenz auf dem Markt der Hei\u00dfluftpistolen ansto\u00dfen.<\/p>\n<p>Die Interpack ist die weltweit f\u00fchrende Fachmesse f\u00fcr die <strong>Verpackungsindustrie<\/strong>. Alle Sektoren sind vertreten: Lebensmittel, Getr\u00e4nke, S\u00fc\u00dfwaren, B\u00e4ckerei, Konditorei, Pharmazie, Kosmetik, Non-Food und Industrieg\u00fcter. Die Interpack in ein paar Zahlen:<\/p>\n<ul>\n<li>2866 Aussteller aus 55 L\u00e4ndern<\/li>\n<li>Mehr als 170.000 Besucher aus \u00fcber 160 L\u00e4ndern<\/li>\n<li>19 Hallen mit einer Ausstellungsfl\u00e4che von 178.131 m\u00b2.<\/li>\n<\/ul>\n<p>Wir hoffen, dass wir viele von Ihnen an unserem Stand (11C47, Halle 11) begr\u00fc\u00dfen d\u00fcrfen, denn die Interpack ist der wichtigsten Ausstellungen in der <strong>Welt der Verpackung<\/strong>.<\/p>\n<p>Wir sehen uns vom 4. bis 10.<\/p>\n","protected":false},"excerpt":{"rendered":"<p>Nach mehreren Terminverschiebungen und 6 Jahren Wartezeit freuen wir uns, Ihnen mitteilen zu k\u00f6nnen, dass wir an der INTERPACK-Messe 2023 teilnehmen werden. Sie findet vom 4. bis 10. Mai in D\u00fcsseldorf statt! Wir werden die Gelegenheit haben, unsere neuen Produkte zu pr\u00e4sentieren und dar\u00fcber auszutauschen. Ihr Feedback ist uns wichtig. Falls gew\u00fcnscht, k\u00f6nnen wir Sie [&hellip;]<\/p>\n","protected":false},"author":3,"featured_media":0,"comment_status":"closed","ping_status":"closed","sticky":false,"template":"","format":"standard","meta":{"_acf_changed":false,"footnotes":""},"categories":[21],"tags":[],"class_list":["post-5479","post","type-post","status-publish","format-standard","hentry","category-non-classe-de"],"acf":[],"yoast_head":"<!-- This site is optimized with the Yoast SEO plugin v27.5 - https:\/\/yoast.com\/product\/yoast-seo-wordpress\/ -->\n<title>TEILNAHME AN DER INTERPACK MESSE - ripack<\/title>\n<meta name=\"robots\" content=\"index, follow, max-snippet:-1, max-image-preview:large, max-video-preview:-1\" \/>\n<link rel=\"canonical\" href=\"https:\/\/ripack.com\/de\/non-classe-de\/teilnahme-an-der-interpack-messe\/\" \/>\n<meta property=\"og:locale\" content=\"de_DE\" \/>\n<meta property=\"og:type\" content=\"article\" \/>\n<meta property=\"og:title\" content=\"TEILNAHME AN DER INTERPACK MESSE - ripack\" \/>\n<meta property=\"og:description\" content=\"Nach mehreren Terminverschiebungen und 6 Jahren Wartezeit freuen wir uns, Ihnen mitteilen zu k\u00f6nnen, dass wir an der INTERPACK-Messe 2023 teilnehmen werden. Sie findet vom 4. bis 10. Mai in D\u00fcsseldorf statt! Wir werden die Gelegenheit haben, unsere neuen Produkte zu pr\u00e4sentieren und dar\u00fcber auszutauschen. Ihr Feedback ist uns wichtig. Falls gew\u00fcnscht, k\u00f6nnen wir Sie [&hellip;]\" \/>\n<meta property=\"og:url\" content=\"https:\/\/ripack.com\/de\/non-classe-de\/teilnahme-an-der-interpack-messe\/\" \/>\n<meta property=\"og:site_name\" content=\"ripack\" \/>\n<meta property=\"article:published_time\" content=\"2023-03-23T07:53:03+00:00\" \/>\n<meta property=\"article:modified_time\" content=\"2023-03-23T07:55:57+00:00\" \/>\n<meta property=\"og:image\" content=\"https:\/\/ripack.com\/wp-content\/uploads\/2023\/03\/Participation-ripack-interpack-300x300.png\" \/>\n<meta name=\"author\" content=\"Ripack\" \/>\n<meta name=\"twitter:card\" content=\"summary_large_image\" \/>\n<meta name=\"twitter:label1\" content=\"Verfasst von\" \/>\n\t<meta name=\"twitter:data1\" content=\"Ripack\" \/>\n\t<meta name=\"twitter:label2\" content=\"Gesch\u00e4tzte Lesezeit\" \/>\n\t<meta name=\"twitter:data2\" content=\"2\u00a0Minuten\" \/>\n<script type=\"application\/ld+json\" class=\"yoast-schema-graph\">{\"@context\":\"https:\\\/\\\/schema.org\",\"@graph\":[{\"@type\":\"Article\",\"@id\":\"https:\\\/\\\/ripack.com\\\/de\\\/non-classe-de\\\/teilnahme-an-der-interpack-messe\\\/#article\",\"isPartOf\":{\"@id\":\"https:\\\/\\\/ripack.com\\\/de\\\/non-classe-de\\\/teilnahme-an-der-interpack-messe\\\/\"},\"author\":{\"name\":\"Ripack\",\"@id\":\"https:\\\/\\\/ripack.com\\\/#\\\/schema\\\/person\\\/6514a71d733835756de725c4f54b90d3\"},\"headline\":\"TEILNAHME AN DER INTERPACK MESSE\",\"datePublished\":\"2023-03-23T07:53:03+00:00\",\"dateModified\":\"2023-03-23T07:55:57+00:00\",\"mainEntityOfPage\":{\"@id\":\"https:\\\/\\\/ripack.com\\\/de\\\/non-classe-de\\\/teilnahme-an-der-interpack-messe\\\/\"},\"wordCount\":192,\"image\":{\"@id\":\"https:\\\/\\\/ripack.com\\\/de\\\/non-classe-de\\\/teilnahme-an-der-interpack-messe\\\/#primaryimage\"},\"thumbnailUrl\":\"https:\\\/\\\/ripack.com\\\/wp-content\\\/uploads\\\/2023\\\/03\\\/Participation-ripack-interpack-300x300.png\",\"articleSection\":[\"Non class\u00e9\"],\"inLanguage\":\"de\"},{\"@type\":\"WebPage\",\"@id\":\"https:\\\/\\\/ripack.com\\\/de\\\/non-classe-de\\\/teilnahme-an-der-interpack-messe\\\/\",\"url\":\"https:\\\/\\\/ripack.com\\\/de\\\/non-classe-de\\\/teilnahme-an-der-interpack-messe\\\/\",\"name\":\"TEILNAHME AN DER INTERPACK MESSE - ripack\",\"isPartOf\":{\"@id\":\"https:\\\/\\\/ripack.com\\\/#website\"},\"primaryImageOfPage\":{\"@id\":\"https:\\\/\\\/ripack.com\\\/de\\\/non-classe-de\\\/teilnahme-an-der-interpack-messe\\\/#primaryimage\"},\"image\":{\"@id\":\"https:\\\/\\\/ripack.com\\\/de\\\/non-classe-de\\\/teilnahme-an-der-interpack-messe\\\/#primaryimage\"},\"thumbnailUrl\":\"https:\\\/\\\/ripack.com\\\/wp-content\\\/uploads\\\/2023\\\/03\\\/Participation-ripack-interpack-300x300.png\",\"datePublished\":\"2023-03-23T07:53:03+00:00\",\"dateModified\":\"2023-03-23T07:55:57+00:00\",\"author\":{\"@id\":\"https:\\\/\\\/ripack.com\\\/#\\\/schema\\\/person\\\/6514a71d733835756de725c4f54b90d3\"},\"breadcrumb\":{\"@id\":\"https:\\\/\\\/ripack.com\\\/de\\\/non-classe-de\\\/teilnahme-an-der-interpack-messe\\\/#breadcrumb\"},\"inLanguage\":\"de\",\"potentialAction\":[{\"@type\":\"ReadAction\",\"target\":[\"https:\\\/\\\/ripack.com\\\/de\\\/non-classe-de\\\/teilnahme-an-der-interpack-messe\\\/\"]}]},{\"@type\":\"ImageObject\",\"inLanguage\":\"de\",\"@id\":\"https:\\\/\\\/ripack.com\\\/de\\\/non-classe-de\\\/teilnahme-an-der-interpack-messe\\\/#primaryimage\",\"url\":\"https:\\\/\\\/ripack.com\\\/wp-content\\\/uploads\\\/2023\\\/03\\\/Participation-ripack-interpack-300x300.png\",\"contentUrl\":\"https:\\\/\\\/ripack.com\\\/wp-content\\\/uploads\\\/2023\\\/03\\\/Participation-ripack-interpack-300x300.png\"},{\"@type\":\"BreadcrumbList\",\"@id\":\"https:\\\/\\\/ripack.com\\\/de\\\/non-classe-de\\\/teilnahme-an-der-interpack-messe\\\/#breadcrumb\",\"itemListElement\":[{\"@type\":\"ListItem\",\"position\":1,\"name\":\"Accueil\",\"item\":\"https:\\\/\\\/ripack.com\\\/de\\\/\"},{\"@type\":\"ListItem\",\"position\":2,\"name\":\"TEILNAHME AN DER INTERPACK MESSE\"}]},{\"@type\":\"WebSite\",\"@id\":\"https:\\\/\\\/ripack.com\\\/#website\",\"url\":\"https:\\\/\\\/ripack.com\\\/\",\"name\":\"ripack\",\"description\":\"Un site utilisant WordPress\",\"potentialAction\":[{\"@type\":\"SearchAction\",\"target\":{\"@type\":\"EntryPoint\",\"urlTemplate\":\"https:\\\/\\\/ripack.com\\\/?s={search_term_string}\"},\"query-input\":{\"@type\":\"PropertyValueSpecification\",\"valueRequired\":true,\"valueName\":\"search_term_string\"}}],\"inLanguage\":\"de\"},{\"@type\":\"Person\",\"@id\":\"https:\\\/\\\/ripack.com\\\/#\\\/schema\\\/person\\\/6514a71d733835756de725c4f54b90d3\",\"name\":\"Ripack\",\"image\":{\"@type\":\"ImageObject\",\"inLanguage\":\"de\",\"@id\":\"https:\\\/\\\/secure.gravatar.com\\\/avatar\\\/522f5d8585e358f14072d39e4ffb6120b668e78747b1c143575db53d6cfbda2d?s=96&d=mm&r=g\",\"url\":\"https:\\\/\\\/secure.gravatar.com\\\/avatar\\\/522f5d8585e358f14072d39e4ffb6120b668e78747b1c143575db53d6cfbda2d?s=96&d=mm&r=g\",\"contentUrl\":\"https:\\\/\\\/secure.gravatar.com\\\/avatar\\\/522f5d8585e358f14072d39e4ffb6120b668e78747b1c143575db53d6cfbda2d?s=96&d=mm&r=g\",\"caption\":\"Ripack\"},\"url\":\"https:\\\/\\\/ripack.com\\\/de\\\/author\\\/admin_ripack\\\/\"}]}<\/script>\n<!-- \/ Yoast SEO plugin. -->","yoast_head_json":{"title":"TEILNAHME AN DER INTERPACK MESSE - ripack","robots":{"index":"index","follow":"follow","max-snippet":"max-snippet:-1","max-image-preview":"max-image-preview:large","max-video-preview":"max-video-preview:-1"},"canonical":"https:\/\/ripack.com\/de\/non-classe-de\/teilnahme-an-der-interpack-messe\/","og_locale":"de_DE","og_type":"article","og_title":"TEILNAHME AN DER INTERPACK MESSE - ripack","og_description":"Nach mehreren Terminverschiebungen und 6 Jahren Wartezeit freuen wir uns, Ihnen mitteilen zu k\u00f6nnen, dass wir an der INTERPACK-Messe 2023 teilnehmen werden. Sie findet vom 4. bis 10. Mai in D\u00fcsseldorf statt! Wir werden die Gelegenheit haben, unsere neuen Produkte zu pr\u00e4sentieren und dar\u00fcber auszutauschen. Ihr Feedback ist uns wichtig. Falls gew\u00fcnscht, k\u00f6nnen wir Sie [&hellip;]","og_url":"https:\/\/ripack.com\/de\/non-classe-de\/teilnahme-an-der-interpack-messe\/","og_site_name":"ripack","article_published_time":"2023-03-23T07:53:03+00:00","article_modified_time":"2023-03-23T07:55:57+00:00","og_image":[{"url":"https:\/\/ripack.com\/wp-content\/uploads\/2023\/03\/Participation-ripack-interpack-300x300.png","type":"","width":"","height":""}],"author":"Ripack","twitter_card":"summary_large_image","twitter_misc":{"Verfasst von":"Ripack","Gesch\u00e4tzte Lesezeit":"2\u00a0Minuten"},"schema":{"@context":"https:\/\/schema.org","@graph":[{"@type":"Article","@id":"https:\/\/ripack.com\/de\/non-classe-de\/teilnahme-an-der-interpack-messe\/#article","isPartOf":{"@id":"https:\/\/ripack.com\/de\/non-classe-de\/teilnahme-an-der-interpack-messe\/"},"author":{"name":"Ripack","@id":"https:\/\/ripack.com\/#\/schema\/person\/6514a71d733835756de725c4f54b90d3"},"headline":"TEILNAHME AN DER INTERPACK MESSE","datePublished":"2023-03-23T07:53:03+00:00","dateModified":"2023-03-23T07:55:57+00:00","mainEntityOfPage":{"@id":"https:\/\/ripack.com\/de\/non-classe-de\/teilnahme-an-der-interpack-messe\/"},"wordCount":192,"image":{"@id":"https:\/\/ripack.com\/de\/non-classe-de\/teilnahme-an-der-interpack-messe\/#primaryimage"},"thumbnailUrl":"https:\/\/ripack.com\/wp-content\/uploads\/2023\/03\/Participation-ripack-interpack-300x300.png","articleSection":["Non class\u00e9"],"inLanguage":"de"},{"@type":"WebPage","@id":"https:\/\/ripack.com\/de\/non-classe-de\/teilnahme-an-der-interpack-messe\/","url":"https:\/\/ripack.com\/de\/non-classe-de\/teilnahme-an-der-interpack-messe\/","name":"TEILNAHME AN DER INTERPACK MESSE - ripack","isPartOf":{"@id":"https:\/\/ripack.com\/#website"},"primaryImageOfPage":{"@id":"https:\/\/ripack.com\/de\/non-classe-de\/teilnahme-an-der-interpack-messe\/#primaryimage"},"image":{"@id":"https:\/\/ripack.com\/de\/non-classe-de\/teilnahme-an-der-interpack-messe\/#primaryimage"},"thumbnailUrl":"https:\/\/ripack.com\/wp-content\/uploads\/2023\/03\/Participation-ripack-interpack-300x300.png","datePublished":"2023-03-23T07:53:03+00:00","dateModified":"2023-03-23T07:55:57+00:00","author":{"@id":"https:\/\/ripack.com\/#\/schema\/person\/6514a71d733835756de725c4f54b90d3"},"breadcrumb":{"@id":"https:\/\/ripack.com\/de\/non-classe-de\/teilnahme-an-der-interpack-messe\/#breadcrumb"},"inLanguage":"de","potentialAction":[{"@type":"ReadAction","target":["https:\/\/ripack.com\/de\/non-classe-de\/teilnahme-an-der-interpack-messe\/"]}]},{"@type":"ImageObject","inLanguage":"de","@id":"https:\/\/ripack.com\/de\/non-classe-de\/teilnahme-an-der-interpack-messe\/#primaryimage","url":"https:\/\/ripack.com\/wp-content\/uploads\/2023\/03\/Participation-ripack-interpack-300x300.png","contentUrl":"https:\/\/ripack.com\/wp-content\/uploads\/2023\/03\/Participation-ripack-interpack-300x300.png"},{"@type":"BreadcrumbList","@id":"https:\/\/ripack.com\/de\/non-classe-de\/teilnahme-an-der-interpack-messe\/#breadcrumb","itemListElement":[{"@type":"ListItem","position":1,"name":"Accueil","item":"https:\/\/ripack.com\/de\/"},{"@type":"ListItem","position":2,"name":"TEILNAHME AN DER INTERPACK MESSE"}]},{"@type":"WebSite","@id":"https:\/\/ripack.com\/#website","url":"https:\/\/ripack.com\/","name":"ripack","description":"Un site utilisant WordPress","potentialAction":[{"@type":"SearchAction","target":{"@type":"EntryPoint","urlTemplate":"https:\/\/ripack.com\/?s={search_term_string}"},"query-input":{"@type":"PropertyValueSpecification","valueRequired":true,"valueName":"search_term_string"}}],"inLanguage":"de"},{"@type":"Person","@id":"https:\/\/ripack.com\/#\/schema\/person\/6514a71d733835756de725c4f54b90d3","name":"Ripack","image":{"@type":"ImageObject","inLanguage":"de","@id":"https:\/\/secure.gravatar.com\/avatar\/522f5d8585e358f14072d39e4ffb6120b668e78747b1c143575db53d6cfbda2d?s=96&d=mm&r=g","url":"https:\/\/secure.gravatar.com\/avatar\/522f5d8585e358f14072d39e4ffb6120b668e78747b1c143575db53d6cfbda2d?s=96&d=mm&r=g","contentUrl":"https:\/\/secure.gravatar.com\/avatar\/522f5d8585e358f14072d39e4ffb6120b668e78747b1c143575db53d6cfbda2d?s=96&d=mm&r=g","caption":"Ripack"},"url":"https:\/\/ripack.com\/de\/author\/admin_ripack\/"}]}},"_links":{"self":[{"href":"https:\/\/ripack.com\/de\/wp-json\/wp\/v2\/posts\/5479","targetHints":{"allow":["GET"]}}],"collection":[{"href":"https:\/\/ripack.com\/de\/wp-json\/wp\/v2\/posts"}],"about":[{"href":"https:\/\/ripack.com\/de\/wp-json\/wp\/v2\/types\/post"}],"author":[{"embeddable":true,"href":"https:\/\/ripack.com\/de\/wp-json\/wp\/v2\/users\/3"}],"replies":[{"embeddable":true,"href":"https:\/\/ripack.com\/de\/wp-json\/wp\/v2\/comments?post=5479"}],"version-history":[{"count":4,"href":"https:\/\/ripack.com\/de\/wp-json\/wp\/v2\/posts\/5479\/revisions"}],"predecessor-version":[{"id":5485,"href":"https:\/\/ripack.com\/de\/wp-json\/wp\/v2\/posts\/5479\/revisions\/5485"}],"wp:attachment":[{"href":"https:\/\/ripack.com\/de\/wp-json\/wp\/v2\/media?parent=5479"}],"wp:term":[{"taxonomy":"category","embeddable":true,"href":"https:\/\/ripack.com\/de\/wp-json\/wp\/v2\/categories?post=5479"},{"taxonomy":"post_tag","embeddable":true,"href":"https:\/\/ripack.com\/de\/wp-json\/wp\/v2\/tags?post=5479"}],"curies":[{"name":"wp","href":"https:\/\/api.w.org\/{rel}","templated":true}]}}